{"id":1845,"date":"2017-11-01T11:36:31","date_gmt":"2017-11-01T10:36:31","guid":{"rendered":"http:\/\/www.montessori-kriftel.de\/?p=1845"},"modified":"2017-11-04T17:10:47","modified_gmt":"2017-11-04T16:10:47","slug":"praesentation-auf-der-traegermesse","status":"publish","type":"post","link":"https:\/\/www.montessori-kriftel.de\/?p=1845","title":{"rendered":"Pr\u00e4sentation auf der Tr\u00e4germesse"},"content":{"rendered":"<p><a href=\"https:\/\/www.montessori-kriftel.de\/wp-content\/uploads\/2017\/11\/IMG_4718.jpg\"><img loading=\"lazy\" decoding=\"async\" class=\"alignleft wp-image-1853 size-medium\" src=\"https:\/\/www.montessori-kriftel.de\/wp-content\/uploads\/2017\/11\/IMG_4718-300x225.jpg\" alt=\"\" width=\"300\" height=\"225\" srcset=\"https:\/\/www.montessori-kriftel.de\/wp-content\/uploads\/2017\/11\/IMG_4718-300x225.jpg 300w, https:\/\/www.montessori-kriftel.de\/wp-content\/uploads\/2017\/11\/IMG_4718.jpg 640w\" sizes=\"auto, (max-width: 300px) 100vw, 300px\" \/><\/a>Die j\u00e4hrlich stattfindende Tr\u00e4germesse in der Br\u00fchlwiesenschule Hofheim gibt den Sch\u00fcler*innen im Fachbereich Sozialp\u00e4dagogik die M\u00f6glichkeit einen Ein- und \u00dcberblick \u00fcber das regionale Angebot der Kindertagesst\u00e4tten zu erhalten. Auch die Krippe und das Kinderhaus pr\u00e4sentierten sich mit einem Informationsstand am 25.10.2017 in der Schule. Nicht nur Sch\u00fcler*innen, sondern auch das Lehrpersonal und Erzieher*innen aus anderen Kitas zeigten reges Interesse an den Besonderheiten unserer reformp\u00e4dagogischen Ans\u00e4tze. Das Team, bestehend aus Yvonne B. (Krippe), Lea N. (Kinderhaus) wurde unterst\u00fctzt von unserem engagierten Vorstandsmitglied Christine S.<\/p>\n<p>Eine gelungene Veranstaltung! Vielen Dank an die Br\u00fchlwiesenschule f\u00fcr die tolle Organisation!<\/p>\n","protected":false},"excerpt":{"rendered":"<p>Die j\u00e4hrlich stattfindende Tr\u00e4germesse in der Br\u00fchlwiesenschule Hofheim gibt den Sch\u00fcler*innen im Fachbereich Sozialp\u00e4dagogik die M\u00f6glichkeit einen Ein- und \u00dcberblick \u00fcber das regionale Angebot der Kindertagesst\u00e4tten zu erhalten. Auch die Krippe und das Kinderhaus pr\u00e4sentierten sich mit einem Informationsstand am &hellip; <a href=\"https:\/\/www.montessori-kriftel.de\/?p=1845\">Weiterlesen <span class=\"meta-nav\">&rarr;<\/span><\/a><\/p>\n","protected":false},"author":4,"featured_media":0,"comment_status":"closed","ping_status":"closed","sticky":false,"template":"","format":"standard","meta":{"footnotes":""},"categories":[1],"tags":[],"class_list":["post-1845","post","type-post","status-publish","format-standard","hentry","category-allgemein"],"_links":{"self":[{"href":"https:\/\/www.montessori-kriftel.de\/index.php?rest_route=\/wp\/v2\/posts\/1845","targetHints":{"allow":["GET"]}}],"collection":[{"href":"https:\/\/www.montessori-kriftel.de\/index.php?rest_route=\/wp\/v2\/posts"}],"about":[{"href":"https:\/\/www.montessori-kriftel.de\/index.php?rest_route=\/wp\/v2\/types\/post"}],"author":[{"embeddable":true,"href":"https:\/\/www.montessori-kriftel.de\/index.php?rest_route=\/wp\/v2\/users\/4"}],"replies":[{"embeddable":true,"href":"https:\/\/www.montessori-kriftel.de\/index.php?rest_route=%2Fwp%2Fv2%2Fcomments&post=1845"}],"version-history":[{"count":5,"href":"https:\/\/www.montessori-kriftel.de\/index.php?rest_route=\/wp\/v2\/posts\/1845\/revisions"}],"predecessor-version":[{"id":1855,"href":"https:\/\/www.montessori-kriftel.de\/index.php?rest_route=\/wp\/v2\/posts\/1845\/revisions\/1855"}],"wp:attachment":[{"href":"https:\/\/www.montessori-kriftel.de\/index.php?rest_route=%2Fwp%2Fv2%2Fmedia&parent=1845"}],"wp:term":[{"taxonomy":"category","embeddable":true,"href":"https:\/\/www.montessori-kriftel.de\/index.php?rest_route=%2Fwp%2Fv2%2Fcategories&post=1845"},{"taxonomy":"post_tag","embeddable":true,"href":"https:\/\/www.montessori-kriftel.de\/index.php?rest_route=%2Fwp%2Fv2%2Ftags&post=1845"}],"curies":[{"name":"wp","href":"https:\/\/api.w.org\/{rel}","templated":true}]}}