{"id":2069,"date":"2018-07-10T09:23:24","date_gmt":"2018-07-10T08:23:24","guid":{"rendered":"http:\/\/www.montessori-kriftel.de\/?p=2069"},"modified":"2018-07-10T09:23:24","modified_gmt":"2018-07-10T08:23:24","slug":"sommerfest-in-der-krippe","status":"publish","type":"post","link":"https:\/\/www.montessori-kriftel.de\/?p=2069","title":{"rendered":"Sommerfest in der Krippe"},"content":{"rendered":"<p>Am ersten Sonntag im Juli lacht die Sonne vom blauen Himmel auf neun Krippenfamilien und das gesamte Team plus der neuen Anerkennungspraktikantin Freya.<\/p>\n<p>Unter einem schattenspendenden Walnussbaum ist ein B\u00fcffet aufgebaut mit vielen leckeren Kuchen, Salaten, Dips und vieles mehr. F\u00fcr das leibliche Wohl ist somit sehr gut gesorgt, am sp\u00e4ten Nachmittag wird sogar noch gegrillt.<\/p>\n<p>&nbsp;<\/p>\n<p><a href=\"https:\/\/www.montessori-kriftel.de\/wp-content\/uploads\/2018\/07\/DSC01890.jpg\"><img loading=\"lazy\" decoding=\"async\" class=\"wp-image-2070  alignleft\" src=\"https:\/\/www.montessori-kriftel.de\/wp-content\/uploads\/2018\/07\/DSC01890-300x225.jpg\" alt=\"\" width=\"272\" height=\"204\" srcset=\"https:\/\/www.montessori-kriftel.de\/wp-content\/uploads\/2018\/07\/DSC01890-300x225.jpg 300w, https:\/\/www.montessori-kriftel.de\/wp-content\/uploads\/2018\/07\/DSC01890-768x576.jpg 768w, https:\/\/www.montessori-kriftel.de\/wp-content\/uploads\/2018\/07\/DSC01890-1024x768.jpg 1024w\" sizes=\"auto, (max-width: 272px) 100vw, 272px\" \/><\/a><a href=\"https:\/\/www.montessori-kriftel.de\/wp-content\/uploads\/2018\/07\/DSC01925.jpg\"><img loading=\"lazy\" decoding=\"async\" class=\"wp-image-2071  alignright\" src=\"https:\/\/www.montessori-kriftel.de\/wp-content\/uploads\/2018\/07\/DSC01925-300x225.jpg\" alt=\"\" width=\"271\" height=\"203\" srcset=\"https:\/\/www.montessori-kriftel.de\/wp-content\/uploads\/2018\/07\/DSC01925-300x225.jpg 300w, https:\/\/www.montessori-kriftel.de\/wp-content\/uploads\/2018\/07\/DSC01925-768x576.jpg 768w, https:\/\/www.montessori-kriftel.de\/wp-content\/uploads\/2018\/07\/DSC01925-1024x768.jpg 1024w\" sizes=\"auto, (max-width: 271px) 100vw, 271px\" \/><\/a><\/p>\n<p>Es ist viel Zeit f\u00fcr Lachen, Spielen und Gespr\u00e4che \u2013 auch neue Familien sind gekommen und machen sich miteinander bekannt. Die Erzieherinnen packen Schminksachen aus und versch\u00f6nern Gesichter von Kindern, Eltern und Team.<\/p>\n<p>&nbsp;<\/p>\n<p>Auch die Kinder schminken teilweise ihre Eltern und sind sehr stolz auf ihre bunten Schmetterlinge, Fische, Blumen und Marienk\u00e4fer.<\/p>\n<p>Ein sehr entspannter, unterhaltsamer Nachmittag geht gegen 18 Uhr zu Ende und nach dem gemeinsamen Aufr\u00e4umen gehen alle fr\u00f6hlich und etwas m\u00fcde nach Hause!<\/p>\n<p>&nbsp;<\/p>\n","protected":false},"excerpt":{"rendered":"<p>Am ersten Sonntag im Juli lacht die Sonne vom blauen Himmel auf neun Krippenfamilien und das gesamte Team plus der neuen Anerkennungspraktikantin Freya. Unter einem schattenspendenden Walnussbaum ist ein B\u00fcffet aufgebaut mit vielen leckeren Kuchen, Salaten, Dips und vieles mehr. &hellip; <a href=\"https:\/\/www.montessori-kriftel.de\/?p=2069\">Weiterlesen <span class=\"meta-nav\">&rarr;<\/span><\/a><\/p>\n","protected":false},"author":4,"featured_media":0,"comment_status":"closed","ping_status":"closed","sticky":false,"template":"","format":"standard","meta":{"footnotes":""},"categories":[1],"tags":[],"class_list":["post-2069","post","type-post","status-publish","format-standard","hentry","category-allgemein"],"_links":{"self":[{"href":"https:\/\/www.montessori-kriftel.de\/index.php?rest_route=\/wp\/v2\/posts\/2069","targetHints":{"allow":["GET"]}}],"collection":[{"href":"https:\/\/www.montessori-kriftel.de\/index.php?rest_route=\/wp\/v2\/posts"}],"about":[{"href":"https:\/\/www.montessori-kriftel.de\/index.php?rest_route=\/wp\/v2\/types\/post"}],"author":[{"embeddable":true,"href":"https:\/\/www.montessori-kriftel.de\/index.php?rest_route=\/wp\/v2\/users\/4"}],"replies":[{"embeddable":true,"href":"https:\/\/www.montessori-kriftel.de\/index.php?rest_route=%2Fwp%2Fv2%2Fcomments&post=2069"}],"version-history":[{"count":2,"href":"https:\/\/www.montessori-kriftel.de\/index.php?rest_route=\/wp\/v2\/posts\/2069\/revisions"}],"predecessor-version":[{"id":2073,"href":"https:\/\/www.montessori-kriftel.de\/index.php?rest_route=\/wp\/v2\/posts\/2069\/revisions\/2073"}],"wp:attachment":[{"href":"https:\/\/www.montessori-kriftel.de\/index.php?rest_route=%2Fwp%2Fv2%2Fmedia&parent=2069"}],"wp:term":[{"taxonomy":"category","embeddable":true,"href":"https:\/\/www.montessori-kriftel.de\/index.php?rest_route=%2Fwp%2Fv2%2Fcategories&post=2069"},{"taxonomy":"post_tag","embeddable":true,"href":"https:\/\/www.montessori-kriftel.de\/index.php?rest_route=%2Fwp%2Fv2%2Ftags&post=2069"}],"curies":[{"name":"wp","href":"https:\/\/api.w.org\/{rel}","templated":true}]}}