{"id":2574,"date":"2021-07-11T09:53:09","date_gmt":"2021-07-11T08:53:09","guid":{"rendered":"http:\/\/www.montessori-kriftel.de\/?p=2574"},"modified":"2021-07-11T09:45:07","modified_gmt":"2021-07-11T08:45:07","slug":"mitgliederversammlung-am-07-07-2021","status":"publish","type":"post","link":"https:\/\/www.montessori-kriftel.de\/?p=2574","title":{"rendered":"Mitgliederversammlung am 07.07.2021"},"content":{"rendered":"<p>Die Jahreshauptversammlung des Montessori Arbeitskreis Kriftel e. V. fand am Mittwoch, 07.07.2021 im Saal 1 des Krifteler Rat- und B\u00fcrgerhauses statt. Es nahmen 16 Mitglieder teil und w\u00e4hlten einen neuen Vorstand, der f\u00fcr die n\u00e4chsten zwei Jahr die Geschicke des Vereins leiten und die Weichen f\u00fcr die Zukunftssicherung stellen wird. Der neue Vorstand besteht aus: Vesna Bosnic-Wehner (neu gew\u00e4hlt), Dirk Maink (neu gew\u00e4hlt), Melanie Kurz, Dominik Denny und Regina Vischer. Das <a href=\"https:\/\/www.montessori-kriftel.de\/wp-content\/uploads\/2021\/07\/21-07-07_ProtokollMitgliederversammlung.pdf\" target=\"_blank\" rel=\"noopener\">Protokoll der Mitgliederversammlung<\/a> wurde auf der Vereinsseite ver\u00f6ffentlicht.<\/p>\n","protected":false},"excerpt":{"rendered":"<p>Die Jahreshauptversammlung des Montessori Arbeitskreis Kriftel e. V. fand am Mittwoch, 07.07.2021 im Saal 1 des Krifteler Rat- und B\u00fcrgerhauses statt. Es nahmen 16 Mitglieder teil und w\u00e4hlten einen neuen Vorstand, der f\u00fcr die n\u00e4chsten zwei Jahr die Geschicke des &hellip; <a href=\"https:\/\/www.montessori-kriftel.de\/?p=2574\">Weiterlesen <span class=\"meta-nav\">&rarr;<\/span><\/a><\/p>\n","protected":false},"author":2,"featured_media":0,"comment_status":"closed","ping_status":"closed","sticky":false,"template":"","format":"standard","meta":{"footnotes":""},"categories":[6],"tags":[],"class_list":["post-2574","post","type-post","status-publish","format-standard","hentry","category-verein"],"_links":{"self":[{"href":"https:\/\/www.montessori-kriftel.de\/index.php?rest_route=\/wp\/v2\/posts\/2574","targetHints":{"allow":["GET"]}}],"collection":[{"href":"https:\/\/www.montessori-kriftel.de\/index.php?rest_route=\/wp\/v2\/posts"}],"about":[{"href":"https:\/\/www.montessori-kriftel.de\/index.php?rest_route=\/wp\/v2\/types\/post"}],"author":[{"embeddable":true,"href":"https:\/\/www.montessori-kriftel.de\/index.php?rest_route=\/wp\/v2\/users\/2"}],"replies":[{"embeddable":true,"href":"https:\/\/www.montessori-kriftel.de\/index.php?rest_route=%2Fwp%2Fv2%2Fcomments&post=2574"}],"version-history":[{"count":5,"href":"https:\/\/www.montessori-kriftel.de\/index.php?rest_route=\/wp\/v2\/posts\/2574\/revisions"}],"predecessor-version":[{"id":2585,"href":"https:\/\/www.montessori-kriftel.de\/index.php?rest_route=\/wp\/v2\/posts\/2574\/revisions\/2585"}],"wp:attachment":[{"href":"https:\/\/www.montessori-kriftel.de\/index.php?rest_route=%2Fwp%2Fv2%2Fmedia&parent=2574"}],"wp:term":[{"taxonomy":"category","embeddable":true,"href":"https:\/\/www.montessori-kriftel.de\/index.php?rest_route=%2Fwp%2Fv2%2Fcategories&post=2574"},{"taxonomy":"post_tag","embeddable":true,"href":"https:\/\/www.montessori-kriftel.de\/index.php?rest_route=%2Fwp%2Fv2%2Ftags&post=2574"}],"curies":[{"name":"wp","href":"https:\/\/api.w.org\/{rel}","templated":true}]}}